{"id":448,"date":"2020-05-02T09:14:57","date_gmt":"2020-05-02T07:14:57","guid":{"rendered":"http:\/\/pim-mig.info\/?p=448"},"modified":"2025-04-15T18:38:02","modified_gmt":"2025-04-15T16:38:02","slug":"confinamiento-y-hacinamiento-en-pamplona","status":"publish","type":"post","link":"https:\/\/pim-mig.info\/index.php\/2020\/05\/02\/confinamiento-y-hacinamiento-en-pamplona\/","title":{"rendered":"CONFINAMIENTO Y HACINAMIENTO EN PAMPLONA"},"content":{"rendered":"\n<p>\u00c1LVARO C\u00cdA GARC\u00cdA 24.04.2020<\/p>\n\n\n\n<p>Nasly tiene 32 a\u00f1os, procede de Colombia, tiene 2 hijas de 6 y 12 a\u00f1os. Viven en una habitaci\u00f3n de menos de 8 m2 en la Rochapea junto con Andrea, tambi\u00e9n colombiana, y sus criaturas de 3, 5 y 7 a\u00f1os. Por esa habitaci\u00f3n Nasly paga 350 \u20ac al mes. La habitaci\u00f3n es tan peque\u00f1a que s\u00f3lo cabe una cama de matrimonio, ni siquiera da para poner otro colch\u00f3n en el suelo. En esa cama duermen las 7. En esa cama tratan de hacer las tareas escolares y en ese espacio min\u00fasculo tratan de llevar una vida digna estas mujeres luchadoras. Nasly acogi\u00f3 a Andrea solidariamente por no dejarla en la calle con sus peque\u00f1as.<\/p>\n\n\n\n<p>El Ayuntamiento de Pamplona y el Gobierno de Navarra est\u00e1n dejando en la estacada a las personas m\u00e1s vulnerables de nuestra comunidad. La sociedad navarra es diversa y multicultural y, por desgracia, tambi\u00e9n con una diferencia de ingresos econ\u00f3micos considerable. Las medidas de confinamiento que se han tomado, tanto en el \u00e1mbito estatal como en el local, no tienen en cuenta estas diferencias ni las situaciones a las que se enfrentan muchas familias en exclusi\u00f3n.<\/p>\n\n\n\n<p>Tracy, de Nigeria, vive con su hija de 18 meses en una habitaci\u00f3n en San Jorge. Con la cama, la silleta y un armario apenas tienen espacio para moverse. Paga 280\u20ac al mes y ni siquiera tiene derecho a uso del sal\u00f3n. Es v\u00edctima de violencia de g\u00e9nero y lleg\u00f3 a Pamplona alej\u00e1ndose de su exmarido, un maltratador espa\u00f1ol. Recibe la Renta Garantizada, pero busca empleo y una vivienda digna desde hace tiempo. \u00abMe siento como en una c\u00e1rcel\u00bb, nos dice.<\/p>\n\n\n\n<p>Como Nasly, Andrea y Tracy hay cientos de familias en Pamplona, muchas monomarentales y con criaturas a su cargo, que malviven en situaci\u00f3n de hacinamiento en peque\u00f1as habitaciones, con sus derechos humanos b\u00e1sicos vulnerados: derecho a una vivienda digna, a la educaci\u00f3n y de la infancia. El Ayuntamiento de Pamplona posee m\u00e1s de 100 viviendas vac\u00edas en zonas como el Mercado del II Ensanche, la antigua Estaci\u00f3n de Autobuses, el Grupo San Pedro en la Rochapea o el paseo de Sarasate. Tambi\u00e9n el Gobierno de Navarra dispone de m\u00e1s de 150 viviendas de camineros distribuidas por la geograf\u00eda navarra. El nuevo Departamento de Pol\u00edticas Migratorias y Justicia tampoco parece que d\u00e9 soluci\u00f3n a esta situaci\u00f3n por contar con recursos insuficientes para abordar de forma correcta e integral estas situaciones de vulnerabilidad extrema y exclusi\u00f3n residencial, al tener Navarra un raqu\u00edtico parque p\u00fablico de vivienda de alquiler social. Probablemente, Ayuntamiento y Gobierno nos respondan que dichas viviendas est\u00e1n pendientes de reformas y no cumplen las condiciones adecuadas. Se\u00f1ores\/as de las instituciones, \u00bfacaso estos miserables pisos patera de alto coste las cumplen? Urge adoptar medidas ya para esta situaci\u00f3n de emergencia de vivienda que, si en condiciones normales ya es intolerable en una sociedad supuestamente desarrollada, en esta situaci\u00f3n de confinamiento es totalmente inadmisible.<\/p>\n\n\n\n<p>Isabel vive en una habitaci\u00f3n en la Rochapea con su hija de 17 a\u00f1os, sin ingresos ni alimentos, le niegan la ayuda de emergencia por no llevar 1 a\u00f1o empadronada en Navarra. Tampoco a Andrea, con 3 menores, porque s\u00f3lo lleva desde enero; ni a Paola, durmiendo en un sof\u00e1 y sin ayuda ni para alimentos; ni a S., con 3 criaturas, encerradas en una habitaci\u00f3n con miedo a salir por el maltrato por parte del propietario: \u00abMis hijos lloran y yo lloro por ellos mirando al techo sin poder hacer nada por ayudarles\u00bb, cuenta.<\/p>\n\n\n\n<p>Las Unidades de Barrio y las trabajadoras sociales no les pueden ayudar porque les dicen que no hay recursos en su situaci\u00f3n. Evidentemente, no es s\u00f3lo un problema de migraci\u00f3n, sino que es una cuesti\u00f3n del Departamento de Vivienda, de Salud, de Educaci\u00f3n, de Igualdad y de Derechos Sociales, especialmente de la infancia, y como tal hay que tratarlo. El Defensor del Pueblo de Navarra, Javier En\u00e9riz, ha solicitado informaci\u00f3n al Gobierno de Navarra y al Ayuntamiento de Pamplona-Iru\u00f1a para valorar esta situaci\u00f3n. Demandamos la creaci\u00f3n de una mesa trabajo y coordinaci\u00f3n ante esta emergencia entre Gobierno de Navarra y el Ayuntamiento de Pamplona-Iru\u00f1a, y todos sus departamentos internos, para dar una respuesta integral a esta situaci\u00f3n de forma inmediata.<\/p>\n\n\n\n<p>Publicado en:<\/p>\n\n\n\n<p><a href=\"https:\/\/www.noticiasdenavarra.com\/opinion\/tribunas\/2020\/04\/24\/confinamiento-hacinamiento-pamplona\/1040957.html\">https:\/\/www.noticiasdenavarra.com\/opinion\/tribunas\/2020\/04\/24\/confinamiento-hacinamiento-pamplona\/1040957.html<\/a><\/p>\n","protected":false},"excerpt":{"rendered":"<p>\u00c1LVARO C\u00cdA GARC\u00cdA 24.04.2020 Nasly tiene 32 a\u00f1os, procede de Colombia, tiene 2 hijas de 6 y 12 a\u00f1os. Viven en una habitaci\u00f3n de menos de 8 m2 en la Rochapea junto con Andrea, tambi\u00e9n colombiana, y sus criaturas de 3, 5 y 7 a\u00f1os. Por esa habitaci\u00f3n Nasly paga 350 \u20ac al mes. La [&hellip;]<\/p>\n","protected":false},"author":1,"featured_media":436,"comment_status":"closed","ping_status":"closed","sticky":false,"template":"","format":"standard","meta":{"_jetpack_memberships_contains_paid_content":false,"footnotes":""},"categories":[35],"tags":[60,46,58,59,61],"class_list":["post-448","post","type-post","status-publish","format-standard","has-post-thumbnail","hentry","category-articulos-de-opinion","tag-alquiler","tag-alvaro-cia","tag-confinamiento","tag-pobreza","tag-vivienda"],"jetpack_featured_media_url":"https:\/\/pim-mig.info\/wp-content\/uploads\/2020\/05\/hacinamiento-imperioame-en-Pixabay.jpg","jetpack_sharing_enabled":true,"_links":{"self":[{"href":"https:\/\/pim-mig.info\/index.php\/wp-json\/wp\/v2\/posts\/448","targetHints":{"allow":["GET"]}}],"collection":[{"href":"https:\/\/pim-mig.info\/index.php\/wp-json\/wp\/v2\/posts"}],"about":[{"href":"https:\/\/pim-mig.info\/index.php\/wp-json\/wp\/v2\/types\/post"}],"author":[{"embeddable":true,"href":"https:\/\/pim-mig.info\/index.php\/wp-json\/wp\/v2\/users\/1"}],"replies":[{"embeddable":true,"href":"https:\/\/pim-mig.info\/index.php\/wp-json\/wp\/v2\/comments?post=448"}],"version-history":[{"count":1,"href":"https:\/\/pim-mig.info\/index.php\/wp-json\/wp\/v2\/posts\/448\/revisions"}],"predecessor-version":[{"id":449,"href":"https:\/\/pim-mig.info\/index.php\/wp-json\/wp\/v2\/posts\/448\/revisions\/449"}],"wp:featuredmedia":[{"embeddable":true,"href":"https:\/\/pim-mig.info\/index.php\/wp-json\/wp\/v2\/media\/436"}],"wp:attachment":[{"href":"https:\/\/pim-mig.info\/index.php\/wp-json\/wp\/v2\/media?parent=448"}],"wp:term":[{"taxonomy":"category","embeddable":true,"href":"https:\/\/pim-mig.info\/index.php\/wp-json\/wp\/v2\/categories?post=448"},{"taxonomy":"post_tag","embeddable":true,"href":"https:\/\/pim-mig.info\/index.php\/wp-json\/wp\/v2\/tags?post=448"}],"curies":[{"name":"wp","href":"https:\/\/api.w.org\/{rel}","templated":true}]}}