{"id":435,"date":"2020-05-02T08:57:17","date_gmt":"2020-05-02T06:57:17","guid":{"rendered":"http:\/\/pim-mig.info\/?p=435"},"modified":"2025-04-15T18:38:32","modified_gmt":"2025-04-15T16:38:32","slug":"una-utopia-posible","status":"publish","type":"post","link":"https:\/\/pim-mig.info\/index.php\/2020\/05\/02\/una-utopia-posible\/","title":{"rendered":"UNA UTOP\u00cdA POSIBLE"},"content":{"rendered":"\n<p>\u00c1LVARO C\u00cdA 26\/03\/2020<\/p>\n\n\n\n<p>Amanece en nuestra peque\u00f1a capital de provincia 10 a\u00f1os despu\u00e9s de la llegada del Coronavirus, ese peque\u00f1o virus que di\u00f3 vuelta a nuestro sistema. Vale la pena echar la vista atr\u00e1s para darnos cuenta de los grandes pasos que hemos dado como humanidad desde entonces, algo probablemente casi sin precedentes, semejante a los avances que se dieron en la Grecia Cl\u00e1sica o en la Revoluci\u00f3n Francesa. Sirva este documento de recordatorio para las j\u00f3venes generaciones que apenas conocieron ese pasado.<\/p>\n\n\n\n<p>El Coronavirus nos sirvi\u00f3 para darnos cuenta de la importancia de tener un sistema p\u00fablico de calidad. Antes exist\u00eda una sanidad privada, en competencia con la p\u00fablica, que pagaba qui\u00e9n pod\u00eda permit\u00edrsela y que se lucraba con las enfermedades de la gente, al igual que una poderos\u00edsima industria farmace\u00fatica cuyos productos no pod\u00edan comprar en pa\u00edses empobrecidos. Por entonces fue tambi\u00e9n cuando todas las residencias de personas ancianas se hicieron p\u00fablicas, pues el virus se ceb\u00f3 en ellas dado que, para enriquecerse, invert\u00edan poco en atenci\u00f3n y cuidados. Adem\u00e1s en la sanidad p\u00fablica hab\u00eda largas listas de espera y hab\u00eda personas a las que s\u00f3lo por el hecho de haber nacido en otro pa\u00eds se les negaba la asistencia sanitaria durante varios meses.<\/p>\n\n\n\n<p>Muchos de nuestros alimentos ven\u00edan de muy muy lejos, contaminando el planeta en su transporte y enriqueciendo a grandes multinacionales. Los peque\u00f1os grupos de consumo ecol\u00f3gico existentes se reprodujeron a millares, creando la actual Red de Consumo para la Soberan\u00eda Alimentaria en la que compramos los alimentos directamente a las y los agricultores y hortelanos locales, sin contaminaci\u00f3n y favoreciendo el empleo local digno. La creaci\u00f3n del Oiko y de otras monedas sociales locales tambi\u00e9n favoreci\u00f3 esto, pues ayud\u00f3 a consumir productos y servicios locales, frente a la evasi\u00f3n de capital que hac\u00edan las grandes transnacionales, ya desaparecidas, que ten\u00edan sus sedes en para\u00edsos fiscales, pagaban poqu\u00edsimos impuestos y acumulaban ingentes cantidades de dinero en muy pocas manos. Todo ello, claro est\u00e1, sustentado en la extracci\u00f3n de recursos naturales a bajo precio en pa\u00edses empobrecidos y en la explotaci\u00f3n laboral de las personas m\u00e1s desfavorecidas del planeta \u00a1Incluso con trabajo infantil! Curiosamente hab\u00eda medios de comunicaci\u00f3n que no solamente no criticaban esto, sino que lo ocultaban y publicaban otro tipo de noticias, que hac\u00edan que la mayor\u00eda de la gente no les cuestionara porque, a lo sumo, lo que realmente quer\u00edan era ser ricos como ellos y consumir sin l\u00edmite. La econom\u00eda relocalizada fue uno de los grandes avances que nos trajo el Coronavirus.<\/p>\n\n\n\n<p>Hubo otros, como el impulso definitivo de las cooperativas de energ\u00eda renovable, que acab\u00f3 con grandes empresas contaminadoras en las que luego se colocaban las y los dirigentes al dejar la pol\u00edtica. O la creaci\u00f3n de las Cajas de Ahorro \u00c9ticas, que ahora sirven a su verdadero fin, el ahorro de la gente y el apoyo al emprendimiento en empresas que benefician al planeta. Aunque ahora cuesta creerlo confi\u00e1bamos nuestros ahorros a bancos que obten\u00edan grandes beneficios invirtiendo en armamento y en mera especulaci\u00f3n, con sedes en para\u00edsos fiscales hechos para evadir capital, y cuyos tent\u00e1culos estaban en la pol\u00edtica, en los medios de comunicaci\u00f3n y en las grandes empresas; todo lo alcanzaban. Todo esto consigui\u00f3 detener el cambio clim\u00e1tico, algo que parec\u00eda imparable, m\u00e1s que todo porque hab\u00eda mucha gente poderosa enriquecida a la que no le interesaba detenerlo.<\/p>\n\n\n\n<p>La crisis postv\u00edrica foment\u00f3 la solidaridad del pueblo. Empez\u00f3 con los movimientos en barrios y ciudades para asistir a familias y mayores que necesitaban cuidados o ayudarles a hacer la compra u otros menesteres. Y termin\u00f3 con la creaci\u00f3n de la apreciada Red de Autogesti\u00f3n Horizontal, que tanto ha ayudado a la mejora de la vida de las personas mayores, de las necesitadas de cuidados, personas con discapacidad y otras vulnerables. La solidaridad fue el aut\u00e9ntico virus de rebeli\u00f3n que triunf\u00f3 y se mantuvo tras la crisis inicial. La que nos hizo ser conscientes de nuestra situaci\u00f3n privilegiada frente a gran parte del planeta. Claro que todo esto fue posible gracias a que el Estado tambi\u00e9n asumi\u00f3 sus responsabilidades, instaur\u00f3 la Renta Universal y la reducci\u00f3n de jornada laboral, que permiti\u00f3 que todas las personas, independientemente de su situaci\u00f3n y origen, tuvieran un m\u00ednimo para vivir. Antiguamente, pese a contar con impresionantes riquezas, hab\u00eda personas que pasaban hambre, que dorm\u00edan en la calle, o familias de extranjeras que se hacinaban en peque\u00f1as habitaciones, a las que adem\u00e1s no se permit\u00eda trabajar aunque quisieran y fuera necesario para la sociedad. Otras personas se aprovechaban de esto para explotarlas o para especular con los alquileres enriqueci\u00e9ndose a su costa. Suena incre\u00edble \u00bfno?<\/p>\n\n\n\n<p>La creaci\u00f3n de la Vivienda P\u00fablica por Derecho acab\u00f3 con todo esto. Como lo hizo tambi\u00e9n la supresi\u00f3n del Ej\u00e9rcito y la creaci\u00f3n de la Matriz de Ayuda al Entorno (MAE). Ten\u00edamos un ej\u00e9rcito para guerrear \u00bfCon qui\u00e9n? Ni idea. Ahora, como sab\u00e9is, la MAE ayuda aqu\u00ed y en el exterior con personal formado en aspectos sanitarios, educativos, en mediaci\u00f3n para la paz y en reconstrucci\u00f3n, que realmente pueden colaborar con pa\u00edses en conflicto o v\u00edctimas de cat\u00e1strofes naturales.<\/p>\n\n\n\n<p>El virus tambi\u00e9n ayud\u00f3 a ser conscientes de lo que supone estar privado de libertad, sin libre circulaci\u00f3n, confinados en casa. Antes se reclu\u00eda a la gente durante meses y a\u00f1os s\u00f3lo por tratar de llegar a Europa huyendo de la guerra y de la pobreza. Mor\u00edan a miles en el mar, mujeres con sus criaturas incluso, porque no se les dejaba venir, ante la indiferencia general. Por fin se abrieron las fronteras, se abrieron las puertas de los CIES y se desmantelaron todos los campos de refugiados.Y toda aquella gente contribuy\u00f3 al resurgir econ\u00f3mico de esta sociedad multicultural y diversa que ahora tenemos. A pasar de un sistema patriarcal a uno matriarcal, con todos sus valores a\u00f1adidos, que pone el \u00e9nfasis en la cooperaci\u00f3n, no en la competitividad, que ya no lucha por los recursos, sino que los administra y redistribuye, y a una cultura de paz, no de violencia, tanto en las relaciones personales como en las internacionales. En fin, nuestra peque\u00f1a ciudad, y el mundo en general, ha llegado a ser lo que es porque muchas y muchos pensaron y actuaron con determinaci\u00f3n para que as\u00ed fuera.<\/p>\n\n\n\n<p>Publicado en:<\/p>\n\n\n\n<p><a href=\"https:\/\/www.naiz.eus\/es\/iritzia\/articulos\/una-utopia-posible\">https:\/\/www.naiz.eus\/es\/iritzia\/articulos\/una-utopia-posible<\/a><\/p>\n\n\n\n<p><a href=\"https:\/\/www.noticiasdenavarra.com\/opinion\/la-opinion-del-lector\/2020\/03\/30\/utopia-posible\/1034756.html\">https:\/\/www.noticiasdenavarra.com\/opinion\/la-opinion-del-lector\/2020\/03\/30\/utopia-posible\/1034756.html<\/a><\/p>\n","protected":false},"excerpt":{"rendered":"<p>\u00c1LVARO C\u00cdA 26\/03\/2020 Amanece en nuestra peque\u00f1a capital de provincia 10 a\u00f1os despu\u00e9s de la llegada del Coronavirus, ese peque\u00f1o virus que di\u00f3 vuelta a nuestro sistema. Vale la pena echar la vista atr\u00e1s para darnos cuenta de los grandes pasos que hemos dado como humanidad desde entonces, algo probablemente casi sin precedentes, semejante a [&hellip;]<\/p>\n","protected":false},"author":1,"featured_media":439,"comment_status":"closed","ping_status":"closed","sticky":false,"template":"","format":"standard","meta":{"_jetpack_memberships_contains_paid_content":false,"footnotes":""},"categories":[35],"tags":[46,53,54,52,50],"class_list":["post-435","post","type-post","status-publish","format-standard","has-post-thumbnail","hentry","category-articulos-de-opinion","tag-alvaro-cia","tag-matriarcado","tag-redistribucion","tag-renta-basica","tag-utopia"],"jetpack_featured_media_url":"https:\/\/pim-mig.info\/wp-content\/uploads\/2020\/05\/Utopia-Gerd-Altmann-en-Pixabay.jpg","jetpack_sharing_enabled":true,"_links":{"self":[{"href":"https:\/\/pim-mig.info\/index.php\/wp-json\/wp\/v2\/posts\/435","targetHints":{"allow":["GET"]}}],"collection":[{"href":"https:\/\/pim-mig.info\/index.php\/wp-json\/wp\/v2\/posts"}],"about":[{"href":"https:\/\/pim-mig.info\/index.php\/wp-json\/wp\/v2\/types\/post"}],"author":[{"embeddable":true,"href":"https:\/\/pim-mig.info\/index.php\/wp-json\/wp\/v2\/users\/1"}],"replies":[{"embeddable":true,"href":"https:\/\/pim-mig.info\/index.php\/wp-json\/wp\/v2\/comments?post=435"}],"version-history":[{"count":1,"href":"https:\/\/pim-mig.info\/index.php\/wp-json\/wp\/v2\/posts\/435\/revisions"}],"predecessor-version":[{"id":440,"href":"https:\/\/pim-mig.info\/index.php\/wp-json\/wp\/v2\/posts\/435\/revisions\/440"}],"wp:featuredmedia":[{"embeddable":true,"href":"https:\/\/pim-mig.info\/index.php\/wp-json\/wp\/v2\/media\/439"}],"wp:attachment":[{"href":"https:\/\/pim-mig.info\/index.php\/wp-json\/wp\/v2\/media?parent=435"}],"wp:term":[{"taxonomy":"category","embeddable":true,"href":"https:\/\/pim-mig.info\/index.php\/wp-json\/wp\/v2\/categories?post=435"},{"taxonomy":"post_tag","embeddable":true,"href":"https:\/\/pim-mig.info\/index.php\/wp-json\/wp\/v2\/tags?post=435"}],"curies":[{"name":"wp","href":"https:\/\/api.w.org\/{rel}","templated":true}]}}