{"id":433,"date":"2020-05-02T08:33:53","date_gmt":"2020-05-02T06:33:53","guid":{"rendered":"http:\/\/pim-mig.info\/?p=433"},"modified":"2020-05-02T08:33:55","modified_gmt":"2020-05-02T06:33:55","slug":"21-de-marzo-dia-contra-el-racismo","status":"publish","type":"post","link":"https:\/\/pim-mig.info\/index.php\/2020\/05\/02\/21-de-marzo-dia-contra-el-racismo\/","title":{"rendered":"21 DE MARZO: D\u00cdA CONTRA EL RACISMO"},"content":{"rendered":"\n<p>ISABEL OCHOA 21.03.2020<\/p>\n\n\n\n<p>Con toda seguridad, la idea de raza es el instrumento m\u00e1s eficaz de dominaci\u00f3n social que se haya inventado. La eficacia de este instrumento de dominaci\u00f3n radica en aceptar la idea de que la raza es un fen\u00f3meno biol\u00f3gico a pesar de que las distintas disciplinas acad\u00e9micas han desmontado esta teor\u00eda. Este argumento establece las relaciones de poder de unas personas sobre otras. El racismo es un mecanismo ideol\u00f3gico que justifica las agresiones y los privilegios de unas personas sobre otras. La historia est\u00e1 plagada de ejemplos conocidos, desde la colonizaci\u00f3n hasta el actual fen\u00f3meno migratorio, pasando por el esclavismo, el nazismo, el apartheid. A lo largo de la historia y hasta nuestros d\u00edas, apelar a la diferencia racial ha servido para considerar inferiores a las mujeres, a los ni\u00f1os, a los pobres, a las personas con discapacidad, a las diferencias culturales, a la clase trabajadora, a las diferentes opciones sexuales, limit\u00e1ndonos e impidiendo el acceso, a la mitad de la poblaci\u00f3n, a los mismos derechos y condiciones de igualdad. De este modo, est\u00e1n resurgiendo los nuevos discursos racistas en Occidente, y no solo estos, sino el blindaje occidental a trav\u00e9s de restricciones, cierre de fronteras, pol\u00edticas y legislaci\u00f3n que trata de impedir la p\u00e9rdida de esos privilegios y del poder de unos sobre otros.El racismo se mezcla con otras formas de desigualdad social, de clase y de g\u00e9nero, por lo que continuamos soportando formas de discriminaci\u00f3n como la xenofobia o los prejuicios culturales, \u00e9tnicos o de clase, mostr\u00e1ndonos las diferencias culturales como algo insalvable y convirti\u00e9ndonos en chivos expiatorios raciales.A pesar de las campa\u00f1as y acciones que se realizan en contra de este modo de dominaci\u00f3n, hoy, D\u00eda contra el Racismo, es necesario seguir reclamando y recordando que todav\u00eda muchas personas seguimos sufriendo racismo y dominaci\u00f3n y se hace necesario seguir reclamando todos los derechos para todas las personas. Es por ello que invito y animo a la sociedad navarra a salir al balc\u00f3n de su casa y sumarse a la cacerolada a las 12 del mediod\u00eda, porque sabemos que si tenemos los mismos derechos, se acaba el chollo de la clase dominante.<\/p>\n\n\n\n<p>Publicado en:<\/p>\n\n\n\n<p><a href=\"https:\/\/www.noticiasdenavarra.com\/opinion\/cartas-al-director\/2020\/03\/21\/21-marzo-dia-racismo\/1032391.html\">https:\/\/www.noticiasdenavarra.com\/opinion\/cartas-al-director\/2020\/03\/21\/21-marzo-dia-racismo\/1032391.html<\/a><\/p>\n","protected":false},"excerpt":{"rendered":"<p>ISABEL OCHOA 21.03.2020 Con toda seguridad, la idea de raza es el instrumento m\u00e1s eficaz de dominaci\u00f3n social que se haya inventado. La eficacia de este instrumento de dominaci\u00f3n radica en aceptar la idea de que la raza es un fen\u00f3meno biol\u00f3gico a pesar de que las distintas disciplinas acad\u00e9micas han desmontado esta teor\u00eda. Este [&hellip;]<\/p>\n","protected":false},"author":1,"featured_media":390,"comment_status":"open","ping_status":"open","sticky":false,"template":"","format":"standard","meta":{"_jetpack_memberships_contains_paid_content":false,"footnotes":""},"categories":[35],"tags":[49,48,44],"class_list":["post-433","post","type-post","status-publish","format-standard","has-post-thumbnail","hentry","category-articulos-de-opinion","tag-21-marzo","tag-dia-contra-el-racismo","tag-isabel-ochoa"],"jetpack_featured_media_url":"https:\/\/pim-mig.info\/wp-content\/uploads\/2020\/04\/Luisella-Planeta-Leoni-en-Pixabay.jpg","jetpack_sharing_enabled":true,"_links":{"self":[{"href":"https:\/\/pim-mig.info\/index.php\/wp-json\/wp\/v2\/posts\/433","targetHints":{"allow":["GET"]}}],"collection":[{"href":"https:\/\/pim-mig.info\/index.php\/wp-json\/wp\/v2\/posts"}],"about":[{"href":"https:\/\/pim-mig.info\/index.php\/wp-json\/wp\/v2\/types\/post"}],"author":[{"embeddable":true,"href":"https:\/\/pim-mig.info\/index.php\/wp-json\/wp\/v2\/users\/1"}],"replies":[{"embeddable":true,"href":"https:\/\/pim-mig.info\/index.php\/wp-json\/wp\/v2\/comments?post=433"}],"version-history":[{"count":1,"href":"https:\/\/pim-mig.info\/index.php\/wp-json\/wp\/v2\/posts\/433\/revisions"}],"predecessor-version":[{"id":434,"href":"https:\/\/pim-mig.info\/index.php\/wp-json\/wp\/v2\/posts\/433\/revisions\/434"}],"wp:featuredmedia":[{"embeddable":true,"href":"https:\/\/pim-mig.info\/index.php\/wp-json\/wp\/v2\/media\/390"}],"wp:attachment":[{"href":"https:\/\/pim-mig.info\/index.php\/wp-json\/wp\/v2\/media?parent=433"}],"wp:term":[{"taxonomy":"category","embeddable":true,"href":"https:\/\/pim-mig.info\/index.php\/wp-json\/wp\/v2\/categories?post=433"},{"taxonomy":"post_tag","embeddable":true,"href":"https:\/\/pim-mig.info\/index.php\/wp-json\/wp\/v2\/tags?post=433"}],"curies":[{"name":"wp","href":"https:\/\/api.w.org\/{rel}","templated":true}]}}